{"id":382,"date":"2018-11-17T22:22:46","date_gmt":"2018-11-17T22:22:46","guid":{"rendered":"http:\/\/39dhazymut.tychy.zhp.pl\/?p=382"},"modified":"2018-11-17T22:22:46","modified_gmt":"2018-11-17T22:22:46","slug":"wyjazd-po-betlejemskie-swiatlo-pokoju-do-krakowa","status":"publish","type":"post","link":"https:\/\/39dhazymut.tychy.zhp.pl\/index.php\/2018\/11\/17\/wyjazd-po-betlejemskie-swiatlo-pokoju-do-krakowa\/","title":{"rendered":"Wyjazd po Betlejemskie \u015awiat\u0142o Pokoju do Krakowa"},"content":{"rendered":"<p>Serdecznie zapraszamy na wyjazd po Betlejemskie \u015awiat\u0142o Pokoju do Krakowa w dniu 16 grudnia 2018 r. Wyjazd ok. godz. 14:00 powr\u00f3t ok. 21:00. Osoby ch\u0119tne na wyjazd prosimy o zg\u0142aszanie si\u0119 bezpo\u015brednio do dru\u017cynowej hm. Anny Miernik telefonicznie lub na e-mail anna.miernik@slaska.zhp.pl . Wyjazd po Betlejemskie \u015awiat\u0142o Pokoju jest bezp\u0142atny.<\/p>\n<p><a href=\"http:\/\/39dhazymut.tychy.zhp.pl\/wp-content\/uploads\/2018\/11\/wyjazd_bsp_39.jpg\"><img loading=\"lazy\" decoding=\"async\" class=\"aligncenter size-medium wp-image-383\" src=\"http:\/\/39dhazymut.tychy.zhp.pl\/wp-content\/uploads\/2018\/11\/wyjazd_bsp_39-300x300.jpg\" alt=\"\" width=\"300\" height=\"300\" srcset=\"https:\/\/39dhazymut.tychy.zhp.pl\/wp-content\/uploads\/2018\/11\/wyjazd_bsp_39-300x300.jpg 300w, https:\/\/39dhazymut.tychy.zhp.pl\/wp-content\/uploads\/2018\/11\/wyjazd_bsp_39-150x150.jpg 150w, https:\/\/39dhazymut.tychy.zhp.pl\/wp-content\/uploads\/2018\/11\/wyjazd_bsp_39-768x768.jpg 768w, https:\/\/39dhazymut.tychy.zhp.pl\/wp-content\/uploads\/2018\/11\/wyjazd_bsp_39-1024x1024.jpg 1024w, https:\/\/39dhazymut.tychy.zhp.pl\/wp-content\/uploads\/2018\/11\/wyjazd_bsp_39-400x400.jpg 400w\" sizes=\"auto, (max-width: 300px) 100vw, 300px\" \/><\/a><\/p>\n","protected":false},"excerpt":{"rendered":"<p>Serdecznie zapraszamy na wyjazd po Betlejemskie \u015awiat\u0142o Pokoju do Krakowa w dniu 16 grudnia 2018 r. Wyjazd ok. godz. 14:00 powr\u00f3t ok. 21:00. Osoby ch\u0119tne na wyjazd prosimy o zg\u0142aszanie si\u0119 bezpo\u015brednio do dru\u017cynowej hm. Anny Miernik telefonicznie lub na e-mail anna.miernik@slaska.zhp.pl . Wyjazd po Betlejemskie \u015awiat\u0142o Pokoju jest bezp\u0142atny.<\/p>\n","protected":false},"author":4,"featured_media":0,"comment_status":"open","ping_status":"open","sticky":false,"template":"","format":"standard","meta":{"footnotes":""},"categories":[1],"tags":[],"class_list":["post-382","post","type-post","status-publish","format-standard","hentry","category-newsy"],"_links":{"self":[{"href":"https:\/\/39dhazymut.tychy.zhp.pl\/index.php\/wp-json\/wp\/v2\/posts\/382","targetHints":{"allow":["GET"]}}],"collection":[{"href":"https:\/\/39dhazymut.tychy.zhp.pl\/index.php\/wp-json\/wp\/v2\/posts"}],"about":[{"href":"https:\/\/39dhazymut.tychy.zhp.pl\/index.php\/wp-json\/wp\/v2\/types\/post"}],"author":[{"embeddable":true,"href":"https:\/\/39dhazymut.tychy.zhp.pl\/index.php\/wp-json\/wp\/v2\/users\/4"}],"replies":[{"embeddable":true,"href":"https:\/\/39dhazymut.tychy.zhp.pl\/index.php\/wp-json\/wp\/v2\/comments?post=382"}],"version-history":[{"count":1,"href":"https:\/\/39dhazymut.tychy.zhp.pl\/index.php\/wp-json\/wp\/v2\/posts\/382\/revisions"}],"predecessor-version":[{"id":384,"href":"https:\/\/39dhazymut.tychy.zhp.pl\/index.php\/wp-json\/wp\/v2\/posts\/382\/revisions\/384"}],"wp:attachment":[{"href":"https:\/\/39dhazymut.tychy.zhp.pl\/index.php\/wp-json\/wp\/v2\/media?parent=382"}],"wp:term":[{"taxonomy":"category","embeddable":true,"href":"https:\/\/39dhazymut.tychy.zhp.pl\/index.php\/wp-json\/wp\/v2\/categories?post=382"},{"taxonomy":"post_tag","embeddable":true,"href":"https:\/\/39dhazymut.tychy.zhp.pl\/index.php\/wp-json\/wp\/v2\/tags?post=382"}],"curies":[{"name":"wp","href":"https:\/\/api.w.org\/{rel}","templated":true}]}}