{"id":957,"date":"2020-09-02T14:46:21","date_gmt":"2020-09-02T14:46:21","guid":{"rendered":"http:\/\/39dhazymut.tychy.zhp.pl\/?p=957"},"modified":"2020-09-02T14:56:04","modified_gmt":"2020-09-02T14:56:04","slug":"pierwsza-zbiorka-i-nowe-oswiadczenia","status":"publish","type":"post","link":"https:\/\/39dhazymut.tychy.zhp.pl\/index.php\/2020\/09\/02\/pierwsza-zbiorka-i-nowe-oswiadczenia\/","title":{"rendered":"Pierwsza zbi\u00f3rka i nowe o\u015bwiadczenia."},"content":{"rendered":"\n<p>Szanowni Pa\u0144stwo.<\/p>\n\n\n\n<p>Ju\u017c w najbli\u017cszy pi\u0105tek tj. <strong>04.09.2020 <\/strong>r. o godz. 17:00 rozpoczynamy normalnie zbi\u00f3rki. Spotykamy si\u0119 przed Szko\u0142\u0105 Podstawow\u0105 nr 3 na ul. Warszawskiej (tam gdzie zawsze).<br>Harcerze zabieraj\u0105 ze sob\u0105:<br> &#8211; regulaminowe umundurowanie,<br>&#8211; obuwie zamienne,<br>&#8211; <strong>o\u015bwiadczenie dot. COVID-19<\/strong>,<br><strong> &#8211; maseczki lub przy\u0142bice.<\/strong><\/p>\n\n\n\n<p>Ponadto informujemy, \u017ce od 1 wrze\u015bnia obowi\u0105zuj\u0105 nowe o\u015bwiadczenia dot. COVID-19. Bardzo prosz\u0119 oto aby dzieci przynios\u0142y te obecnie obowi\u0105zuj\u0105ce.<\/p>\n\n\n\n<p>Poni\u017cej mo\u017cna pobra\u0107 o\u015bwiadczenia w wersji pdf lub edytowalnej.<\/p>\n\n\n\n<div class=\"wp-block-file\"><a href=\"http:\/\/39dhazymut.tychy.zhp.pl\/wp-content\/uploads\/2020\/09\/ZHP_Oswiadczenie_niepelnoletni.doc\">ZHP_Oswiadczenie_niepelnoletni<\/a><a href=\"http:\/\/39dhazymut.tychy.zhp.pl\/wp-content\/uploads\/2020\/09\/ZHP_Oswiadczenie_niepelnoletni.doc\" class=\"wp-block-file__button\" download>Pobierz<\/a><\/div>\n\n\n\n<div class=\"wp-block-file\"><a href=\"http:\/\/39dhazymut.tychy.zhp.pl\/wp-content\/uploads\/2020\/09\/ZHP_Oswiadczenie_niepelnoletni.pdf\">ZHP_Oswiadczenie_niepelnoletni<\/a><a href=\"http:\/\/39dhazymut.tychy.zhp.pl\/wp-content\/uploads\/2020\/09\/ZHP_Oswiadczenie_niepelnoletni.pdf\" class=\"wp-block-file__button\" download>Pobierz<\/a><\/div>\n\n\n\n<div class=\"wp-block-file\"><a href=\"http:\/\/39dhazymut.tychy.zhp.pl\/wp-content\/uploads\/2020\/09\/ZHP_Oswiadczenie_pelnoletni.doc\">ZHP_Oswiadczenie_pelnoletni<\/a><a href=\"http:\/\/39dhazymut.tychy.zhp.pl\/wp-content\/uploads\/2020\/09\/ZHP_Oswiadczenie_pelnoletni.doc\" class=\"wp-block-file__button\" download>Pobierz<\/a><\/div>\n\n\n\n<div class=\"wp-block-file\"><a href=\"http:\/\/39dhazymut.tychy.zhp.pl\/wp-content\/uploads\/2020\/09\/ZHP_Oswiadczenie_pelnoletni.pdf\">ZHP_Oswiadczenie_pelnoletni<\/a><a href=\"http:\/\/39dhazymut.tychy.zhp.pl\/wp-content\/uploads\/2020\/09\/ZHP_Oswiadczenie_pelnoletni.pdf\" class=\"wp-block-file__button\" download>Pobierz<\/a><\/div>\n\n\n\n<p>O\u015bwiadczenie musi by\u0107 podpisane przez obojga rodzic\u00f3w. <\/p>\n\n\n\n<p><strong>PRZYPOMINAMY, \u017bE BRAK MASECZKI LUB O\u015aWIADZENIA b\u0119dzie skutkowa\u0142 odes\u0142aniem dziecka do domu.<\/strong><\/p>\n","protected":false},"excerpt":{"rendered":"<p>Szanowni Pa\u0144stwo. Ju\u017c w najbli\u017cszy pi\u0105tek tj. 04.09.2020 r. o godz. 17:00 rozpoczynamy normalnie zbi\u00f3rki. Spotykamy si\u0119 przed Szko\u0142\u0105 Podstawow\u0105 nr 3 na ul. Warszawskiej (tam gdzie zawsze).Harcerze zabieraj\u0105 ze sob\u0105: &#8211; regulaminowe umundurowanie,&#8211; obuwie zamienne,&#8211; o\u015bwiadczenie dot. COVID-19, &#8211; maseczki lub przy\u0142bice. Ponadto informujemy, \u017ce od 1 wrze\u015bnia obowi\u0105zuj\u0105 nowe o\u015bwiadczenia dot. COVID-19. Bardzo&#8230;<\/p>\n","protected":false},"author":4,"featured_media":631,"comment_status":"open","ping_status":"open","sticky":false,"template":"","format":"standard","meta":{"footnotes":""},"categories":[1],"tags":[],"class_list":["post-957","post","type-post","status-publish","format-standard","has-post-thumbnail","hentry","category-newsy"],"_links":{"self":[{"href":"https:\/\/39dhazymut.tychy.zhp.pl\/index.php\/wp-json\/wp\/v2\/posts\/957","targetHints":{"allow":["GET"]}}],"collection":[{"href":"https:\/\/39dhazymut.tychy.zhp.pl\/index.php\/wp-json\/wp\/v2\/posts"}],"about":[{"href":"https:\/\/39dhazymut.tychy.zhp.pl\/index.php\/wp-json\/wp\/v2\/types\/post"}],"author":[{"embeddable":true,"href":"https:\/\/39dhazymut.tychy.zhp.pl\/index.php\/wp-json\/wp\/v2\/users\/4"}],"replies":[{"embeddable":true,"href":"https:\/\/39dhazymut.tychy.zhp.pl\/index.php\/wp-json\/wp\/v2\/comments?post=957"}],"version-history":[{"count":2,"href":"https:\/\/39dhazymut.tychy.zhp.pl\/index.php\/wp-json\/wp\/v2\/posts\/957\/revisions"}],"predecessor-version":[{"id":963,"href":"https:\/\/39dhazymut.tychy.zhp.pl\/index.php\/wp-json\/wp\/v2\/posts\/957\/revisions\/963"}],"wp:featuredmedia":[{"embeddable":true,"href":"https:\/\/39dhazymut.tychy.zhp.pl\/index.php\/wp-json\/wp\/v2\/media\/631"}],"wp:attachment":[{"href":"https:\/\/39dhazymut.tychy.zhp.pl\/index.php\/wp-json\/wp\/v2\/media?parent=957"}],"wp:term":[{"taxonomy":"category","embeddable":true,"href":"https:\/\/39dhazymut.tychy.zhp.pl\/index.php\/wp-json\/wp\/v2\/categories?post=957"},{"taxonomy":"post_tag","embeddable":true,"href":"https:\/\/39dhazymut.tychy.zhp.pl\/index.php\/wp-json\/wp\/v2\/tags?post=957"}],"curies":[{"name":"wp","href":"https:\/\/api.w.org\/{rel}","templated":true}]}}